{"id":11262,"date":"2023-07-14T06:37:02","date_gmt":"2023-07-14T06:37:02","guid":{"rendered":"https:\/\/www.gtcourmayeur.com\/2023\/news\/gran-trail-courmayeur-the-italians-win-big\/"},"modified":"2026-05-01T18:26:49","modified_gmt":"2026-05-01T18:26:49","slug":"emilia-romagna-triomphe-au-gran-trail-courmayeur","status":"publish","type":"post","link":"https:\/\/www.gtcourmayeur.com\/fr\/emilia-romagna-triomphe-au-gran-trail-courmayeur\/","title":{"rendered":"L&rsquo;Emilia-Romagna triomphe au Gran Trail Courmayeur"},"content":{"rendered":"<div class=\"brz-root__container brz-reset-all brz\">\n<section id=\"_cgbyatasitjrimmovrlcxrzlbfkelpbubreq\" class=\"brz-section brz-css-rZf09\">\n<div class=\"brz-section__content brz-section--boxed brz-css-wIWLM brz-css-xnZyA\" data-brz-custom-id=\"bdqpwpdlhlcmwanwdueovfbzewgvrzrysagz\">\n<div class=\"brz-bg\">\n<div class=\"brz-bg-image\"><\/div>\n<div class=\"brz-bg-color\"><\/div>\n<\/div>\n<div class=\"brz-container brz-css-mHeQE\">\n<div id=\"\" class=\"brz-css-asJ9T brz-css-bWHnQ brz-wrapper\">\n<div class=\"brz-spacer brz-css-uOmcl brz-css-et4WA\"><\/div>\n<\/div>\n<div class=\"brz-wrapper-clone brz-css-onTwo\">\n<div class=\"brz-d-xs-flex brz-flex-xs-wrap brz-css-otUCT\" data-brz-custom-id=\"\">\n<div class=\"brz-wrapper-clone__item\" id=\"oeqirqtmnjczlevwysdndkokauimycatgkez\"><a class=\"brz-a brz-btn brz-css-mnAfL brz-css-ao2a2 brz-css-nue14 brz-css-eSGpC\" href=\"\" target=\"_self\" rel=\"noopener\" data-brz-link-type=\"external\" data-brz-custom-id=\"oeqirqtmnjczlevwysdndkokauimycatgkez\"><span data-brz-translate-text=\"1\" class=\"brz-span brz-text__editor\">#NEWS<\/span><\/a><\/div>\n<\/div>\n<\/div>\n<div id=\"\" class=\"brz-css-asJ9T brz-wrapper\">\n<div class=\"brz-rich-text brz-rich-text__custom brz-css-rd3ia\" data-brz-custom-id=\"utppryadkskquwpxonpjzhzprtcjnirlvnax\">\n<div data-brz-translate-text=\"1\">\n<p class=\"brz-lh-xs-1_1 brz-ls-xs-m_5 brz-fw-xs-700 brz-fss-xs-px brz-fs-xs-50 brz-tp-xs-empty brz-text-lg-center brz-lh-lg-1_1 brz-tp-lg-empty brz-ff-lato brz-ft-google brz-fs-lg-75 brz-fss-lg-px brz-fw-lg-700 brz-ls-lg-m_5 brz-css-b8veW\" data-generated-css=\"brz-css-aapnr\" data-uniq-id=\"vdesw\"><strong class=\"brz-cp-color2\">L&rsquo;Emilia-Romagna triomphe<\/strong><\/p>\n<p class=\"brz-lh-xs-1_1 brz-ls-xs-m_5 brz-fw-xs-700 brz-fss-xs-px brz-fs-xs-50 brz-tp-xs-empty brz-text-lg-center brz-lh-lg-1_1 brz-tp-lg-empty brz-ff-lato brz-ft-google brz-fs-lg-75 brz-fss-lg-px brz-fw-lg-700 brz-ls-lg-m_5 brz-css-jRQ46\" data-generated-css=\"brz-css-aapnr\" data-uniq-id=\"vdesw\"><strong class=\"brz-cp-color2\">au Gran Trail Courmayeur<\/strong><\/p>\n<\/div>\n<\/div>\n<\/div>\n<div id=\"\" class=\"brz-css-asJ9T brz-css-bWHnQ brz-wrapper\">\n<div class=\"brz-spacer brz-css-uOmcl brz-css-ltBre\"><\/div>\n<\/div>\n<\/div>\n<\/div>\n<\/section>\n<section id=\"_ghetotioiiracjfyjtmjjjubmzhzfntfnfpc\" class=\"brz-section brz-css-rZf09\">\n<div class=\"brz-section__content brz-section--boxed brz-css-wIWLM brz-css-tMzN6\" data-brz-custom-id=\"dtfdfbbbzleavvvuzykzufhyadpchcmrgjwj\">\n<div class=\"brz-container brz-css-mHeQE\">\n<div id=\"\" class=\"brz-css-asJ9T brz-wrapper\">\n<div class=\"brz-rich-text brz-rich-text__custom brz-css-rd3ia\" data-brz-custom-id=\"wqaillfhiquzjekwxydjveecdphfqlfjxysl\">\n<div data-brz-translate-text=\"1\">\n<h3 class=\"brz-ft-google brz-fss-lg-px brz-fss-xs-px brz-ls-xs-0 brz-lh-xs-1_4 brz-tp-xs-empty brz-tp-lg-heading3 ql-align-center brz-fw-xs-400 brz-fs-xs-22 brz-fs-sm-60 brz-text-lg-center brz-lh-lg-1_5 brz-ls-lg-0 brz-ff-rajdhani brz-fw-lg-400 brz-mb-lg-20 brz-mt-lg-20 brz-fs-lg-26 brz-fw-sm-700 brz-mb-xs-10 brz-css-b4oCP\" data-generated-css=\"brz-css-qwdpr\" data-uniq-id=\"ucfnn\"><span>Le GTC 2023 a c\u00e9l\u00e9br\u00e9 une \u00e9dition record avec un \u00ab\u00a0hors-d&rsquo;oeuvre\u00a0\u00bb de ce qui se passera en septembre avec le TORX\u00ae.<\/span><\/h3>\n<\/div>\n<\/div>\n<\/div>\n<div class=\"brz-wrapper-clone brz-css-onTwo\">\n<div class=\"brz-d-xs-flex brz-flex-xs-wrap brz-css-otUCT\" data-brz-custom-id=\"\">\n<div class=\"brz-wrapper-clone__item\" id=\"kapcrsayqjmaccuaohuihoqtskkjekbqydnc\"><a class=\"brz-a brz-btn brz-css-mnAfL brz-css-qJhrb brz-css-nue14 brz-css-nm35N\" href=\"\" target=\"_self\" rel=\"noopener\" data-brz-link-type=\"external\" data-brz-custom-id=\"kapcrsayqjmaccuaohuihoqtskkjekbqydnc\"><span data-brz-translate-text=\"1\" class=\"brz-span brz-text__editor\">4 min<\/span><\/a><\/div>\n<\/div>\n<\/div>\n<div class=\"brz-row__container brz-css-k4SMe\" data-brz-custom-id=\"pzyztxkqnxgrmxmzlepmkzuqpdtjoowdgcan\">\n<div class=\"brz-bg\"><\/div>\n<div class=\"brz-row brz-css-bKEdb\">\n<div class=\"brz-columns brz-css-mAmGw brz-css-rdP5D\" data-brz-custom-id=\"woyigwxufrfocqpzlyxzqrbtyeuiskubesiz\">\n<div class=\"brz-bg\"><\/div>\n<div class=\"brz-column__items brz-css-gPRyj brz-css-pUcdf\">\n<div id=\"\" class=\"brz-css-asJ9T brz-wrapper\">\n<div class=\"brz-rich-text brz-rich-text__custom brz-css-rd3ia\" data-brz-custom-id=\"lkhymllqvryqyrxhcpolglidpytmziczslqp\">\n<div data-brz-translate-text=\"1\">\n<p class=\"brz-text-lg-justify brz-tp-lg-paragraph ql-align-center brz-fw-xs-700 brz-fs-xs-40 brz-fs-sm-60 brz-lh-lg-1_3 brz-ls-lg-m_1_5 brz-ff-montserrat brz-fw-lg-900 brz-mb-lg-20 brz-fs-lg-94 brz-fw-sm-700 brz-mb-xs-10 brz-mt-lg-20 brz-css-zrVXV\" data-uniq-id=\"hsueg\" data-generated-css=\"brz-css-antqb\"><span>1500 athl\u00e8tes de 40 nations, de l&rsquo;enthousiasme et de l&rsquo;\u00e9motion pour une onzi\u00e8me \u00e9dition qui offre enfin \u00e0 l&rsquo;Emilia-Romagna un jour de gloire avec un trio prestigieux de victoires sur les trois courses, la GTC100, la GTC55 et la GTC30.<\/span><\/p>\n<\/div>\n<\/div>\n<\/div>\n<div id=\"\" class=\"brz-css-asJ9T brz-wrapper\">\n<div class=\"brz-rich-text brz-rich-text__custom brz-css-rd3ia\" data-brz-custom-id=\"vcwmvzxuttsbateprftqjwbhaftbukfbnwgf\">\n<div data-brz-translate-text=\"1\">\n<p class=\"brz-text-lg-justify brz-tp-lg-paragraph ql-align-center brz-fw-xs-700 brz-fs-xs-40 brz-fs-sm-60 brz-lh-lg-1_3 brz-ls-lg-m_1_5 brz-ff-montserrat brz-fw-lg-900 brz-mb-lg-20 brz-fs-lg-94 brz-fw-sm-700 brz-mb-xs-10 brz-mt-lg-20 brz-css-h4V8t\" data-uniq-id=\"ubpvq\" data-generated-css=\"brz-css-dzqwp\"><span>Nombreux spectateurs, dans une ambiance magnifique, ont envahi le centre de Courmayeur pour une v\u00e9ritable f\u00eate du trail.<\/span><\/p>\n<\/div>\n<\/div>\n<\/div>\n<div id=\"\" class=\"brz-css-asJ9T brz-wrapper\">\n<div class=\"brz-rich-text brz-rich-text__custom brz-css-rd3ia\" data-brz-custom-id=\"vmgbwreclupufdbgapbpwymuwrumtqvbvqpu\">\n<div data-brz-translate-text=\"1\">\n<h4 class=\"brz-tp-lg-heading4 brz-mt-lg-0 brz-mb-xs-10 brz-fw-sm-700 brz-fs-lg-94 brz-mb-lg-10 brz-fw-lg-900 brz-ff-montserrat brz-ls-lg-m_1_5 brz-lh-lg-1_3 brz-fs-sm-60 brz-fs-xs-40 brz-fw-xs-700 ql-align-center brz-text-lg-justify brz-css-fvNZ4\" data-generated-css=\"brz-css-yvdvf\" data-uniq-id=\"ufejq\"><span>Dans la GTC100, Simone Corsini gagne contre Franco Coll\u00e9, Lisa Borzani domine<\/span><\/h4>\n<\/div>\n<\/div>\n<\/div>\n<div id=\"\" class=\"brz-css-asJ9T brz-wrapper\">\n<div class=\"brz-rich-text brz-rich-text__custom brz-css-rd3ia\" data-brz-custom-id=\"txlgmxqfnfigxavfdswrgcjqzspmqbxkvdzk\">\n<div data-brz-translate-text=\"1\">\n<p class=\"brz-text-lg-justify ql-align-center brz-fw-xs-700 brz-fs-xs-40 brz-fs-sm-60 brz-lh-lg-1_3 brz-ls-lg-m_1_5 brz-ff-montserrat brz-fw-lg-900 brz-mb-lg-10 brz-fs-lg-94 brz-fw-sm-700 brz-mb-xs-10 brz-mt-lg-0 brz-tp-lg-paragraph brz-css-i9h5x\" data-uniq-id=\"ryxxt\" data-generated-css=\"brz-css-bwbyd\"><span style=\"background-color: initial\">Des noms de haut niveau dans la course plus importante, avec un d\u00e9part passionnant avec les lampes frontales \u00e0 22 heures, depuis la place de l&rsquo;Abb\u00e9 Henry, et le d\u00e9fi entre les deux \u00ab\u00a0habitu\u00e9s\u00a0\u00bb des courses VDA Trailers, Simone Corsini et Franco Coll\u00e9.<\/span><\/p>\n<\/div>\n<\/div>\n<\/div>\n<div id=\"\" class=\"brz-css-asJ9T brz-wrapper\">\n<div class=\"brz-rich-text brz-rich-text__custom brz-css-rd3ia\" data-brz-custom-id=\"wvcomhqirjyfwhogupxtpffagskyetsfmwpg\">\n<div data-brz-translate-text=\"1\">\n<p class=\"brz-tp-lg-paragraph brz-mt-lg-0 brz-mb-xs-10 brz-fw-sm-700 brz-fs-lg-94 brz-mb-lg-10 brz-fw-lg-900 brz-ff-montserrat brz-ls-lg-m_1_5 brz-lh-lg-1_3 brz-fs-sm-60 brz-fs-xs-40 brz-fw-xs-700 ql-align-center brz-text-lg-justify brz-css-gZ_GT\" data-generated-css=\"brz-css-qymzg\" data-uniq-id=\"vusva\"><span style=\"background-color: initial\">Apr\u00e8s une nuit pass\u00e9e dans le brouillard et la pluie \u00e0 se tenir compagnie, l&rsquo;\u00c9milien n\u00e9 en 1992 a d\u00e9cid\u00e9 de conserver le sceptre gagn\u00e9 l&rsquo;ann\u00e9e derni\u00e8re, lan\u00e7ant le sprint d\u00e9cisif sur Coll\u00e9 et Augrit entre le Mont Fortin et le Rifugio Elisabetta, creusant l&rsquo;\u00e9cart au fil des kilom\u00e8tres.<\/span><\/p>\n<\/div>\n<\/div>\n<\/div>\n<div id=\"\" class=\"brz-css-asJ9T brz-wrapper\">\n<div class=\"brz-rich-text brz-rich-text__custom brz-css-rd3ia\" data-brz-custom-id=\"fbnomjolzspngrtwoxkgfwhrdztpvxmefgrz\">\n<div data-brz-translate-text=\"1\">\n<p class=\"brz-text-lg-justify ql-align-center brz-fw-xs-700 brz-fs-xs-40 brz-fs-sm-60 brz-lh-lg-1_3 brz-ls-lg-m_1_5 brz-ff-montserrat brz-fw-lg-900 brz-mb-lg-10 brz-fs-lg-94 brz-fw-sm-700 brz-mb-xs-10 brz-mt-lg-0 brz-tp-lg-paragraph brz-css-jLrqW\" data-uniq-id=\"nezny\" data-generated-css=\"brz-css-trmfp\"><span style=\"background-color: initial\">Une course parfaite pour Corsini, qui a montr\u00e9 qu&rsquo;il avait plus d&rsquo;energie du Vald\u00f4tain, qui a d\u00fb reconna\u00eetre la sup\u00e9riorit\u00e9 de son adversaire. Simone Corsini s&rsquo;impose donc en 15h02&rsquo;36\u00a0\u00bb, abaissant son temps de l&rsquo;ann\u00e9e derni\u00e8re d&rsquo;environ 8 minutes, tandis que Franco Coll\u00e9, le triomphateur de 2018, arr\u00eate le chronom\u00e8tre sur le temps de 15h29&rsquo;13\u00a0\u00bb. La troisi\u00e8me place revient au Suisse Nico Lacher, qui est apparu parmi les pr\u00e9tendants \u00e0 la victoire finale aux premi\u00e8res lueurs du jour et termine troisi\u00e8me en 16h19&rsquo;15\u00a0\u00bb.<\/span><\/p>\n<\/div>\n<\/div>\n<\/div>\n<div id=\"\" class=\"brz-css-asJ9T brz-wrapper\">\n<div class=\"brz-rich-text brz-rich-text__custom brz-css-rd3ia\" data-brz-custom-id=\"ypzgirklwihhtifzpgpolhvndthyqhvdxije\">\n<div data-brz-translate-text=\"1\">\n<p class=\"brz-text-lg-justify ql-align-center brz-fw-xs-700 brz-fs-xs-40 brz-fs-sm-60 brz-lh-lg-1_3 brz-ls-lg-m_1_5 brz-ff-montserrat brz-fw-lg-900 brz-mb-lg-10 brz-fs-lg-94 brz-fw-sm-700 brz-mb-xs-10 brz-mt-lg-0 brz-tp-lg-paragraph brz-css-uIlA6\" data-uniq-id=\"omqcv\" data-generated-css=\"brz-css-yhqqs\"><em style=\"background-color: initial\">\u00ab\u00a0Gagner est toujours un plaisir, et le faire \u00e0 Courmayeur est une \u00e9motion sp\u00e9ciale\u00a0\u00bb, a comment\u00e9 Corsini. Aujourd&rsquo;hui, c&rsquo;\u00e9tait difficile, courir avec Coll\u00e9 \u00e9tait tr\u00e8s exigeant mais aussi un bon stimulant. Dans la descente du Col de la Seigne, j&rsquo;ai r\u00e9ussi \u00e0 changer de rythme et \u00e0 m&rsquo;\u00e9chapper\u00a0\u00bb.<\/em><\/p>\n<\/div>\n<\/div>\n<\/div>\n<div id=\"\" class=\"brz-css-asJ9T brz-wrapper\">\n<div class=\"brz-rich-text brz-rich-text__custom brz-css-rd3ia\" data-brz-custom-id=\"wbzidggsiloklarmrlqlwjqvxpvgpvkpdktn\">\n<div data-brz-translate-text=\"1\">\n<p class=\"brz-tp-lg-paragraph brz-mt-lg-0 brz-mb-xs-10 brz-fw-sm-700 brz-fs-lg-94 brz-mb-lg-10 brz-fw-lg-900 brz-ff-montserrat brz-ls-lg-m_1_5 brz-lh-lg-1_3 brz-fs-sm-60 brz-fs-xs-40 brz-fw-xs-700 ql-align-center brz-text-lg-justify brz-css-zG9Jf\" data-generated-css=\"brz-css-pdgiy\" data-uniq-id=\"fkpsy\"><span class=\"brz-cp-color3\" style=\"background-color: initial\">Un d\u00e9fi, celui avec Coll\u00e9, qui pourrait se r\u00e9p\u00e9ter en septembre : \u00ab\u00a0Ne plaisantons pas, Franco est le patron du Tor, mais il ne faut jamais dire jamais\u00a0\u00bb. <\/span><\/p>\n<\/div>\n<\/div>\n<\/div>\n<div id=\"\" class=\"brz-css-asJ9T brz-wrapper\">\n<div class=\"brz-rich-text brz-rich-text__custom brz-css-rd3ia\" data-brz-custom-id=\"bvlwjqhkpxhsqqsrcvemmnnlfpxqkdckbqov\">\n<div data-brz-translate-text=\"1\">\n<p class=\"brz-text-lg-justify ql-align-center brz-fw-xs-700 brz-fs-xs-40 brz-fs-sm-60 brz-lh-lg-1_3 brz-ls-lg-m_1_5 brz-ff-montserrat brz-fw-lg-900 brz-mb-lg-10 brz-fs-lg-94 brz-fw-sm-700 brz-mb-xs-10 brz-mt-lg-0 brz-tp-lg-paragraph brz-css-l64qi\" data-uniq-id=\"ejaqm\" data-generated-css=\"brz-css-poqxs\"><span class=\"brz-cp-color6\" style=\"background-color: initial\">Par contre, Lisa Borzani, elle s&rsquo;est battue contre elle-m\u00eame: troisi\u00e8me en 2022 et d\u00e9j\u00e0 vainqueur en 2019, \u00e0 \u00e9t\u00e9 protagoniste d&rsquo;une d\u00e9monstration de force qui la place \u00e0 la 7e place du classement g\u00e9n\u00e9ral. Elle aussi a d\u00e9cid\u00e9 de acc\u00e9l\u00e9rer dans la nuit, d\u00e9passant Melissa Paganelli, qui avait termin\u00e9 premi\u00e8re au GTC55 l&rsquo;ann\u00e9e derni\u00e8re et deuxi\u00e8me du Tor des G\u00e9ants. Borzani, double vainqueur du Tor, a termin\u00e9 en solitaire en 17h28&rsquo;31\u00a0\u00bb, infligeant une avance d&rsquo;environ une heure \u00e0 l&rsquo;athl\u00e8te de Bergamo (18h55&rsquo;23\u00a0\u00bb). L&rsquo;Allemande Basilia F\u00f6rster est \u00e9galement mont\u00e9e sur le podium, troisi\u00e8me en 19h32&rsquo;45\u00a0\u00bb.<\/span><\/p>\n<\/div>\n<\/div>\n<\/div>\n<div id=\"\" class=\"brz-css-asJ9T brz-wrapper\">\n<div class=\"brz-rich-text brz-rich-text__custom brz-css-rd3ia\" data-brz-custom-id=\"okzdfcgkwrwtwcuoohcnybvwmniskueofdrs\">\n<div data-brz-translate-text=\"1\">\n<p class=\"brz-tp-lg-paragraph brz-mt-lg-0 brz-mb-xs-10 brz-fw-sm-700 brz-fs-lg-94 brz-mb-lg-10 brz-fw-lg-900 brz-ff-montserrat brz-ls-lg-m_1_5 brz-lh-lg-1_3 brz-fs-sm-60 brz-fs-xs-40 brz-fw-xs-700 ql-align-center brz-text-lg-justify brz-css-skAkz\" data-generated-css=\"brz-css-kmifr\" data-uniq-id=\"ngpwd\"><em class=\"brz-cp-color6\" style=\"background-color: initial\">\u00ab\u00a0Aujourd&rsquo;hui s&rsquo;est bien pass\u00e9, je suis tr\u00e8s heureux d&rsquo;avoir pu faire ce que j&rsquo;ai fait \u2013 explique Borzani. Pendant la nuit, Melissa et moi sommes rest\u00e9s ensemble pendant les premiers 30 km, puis j&rsquo;ai essay\u00e9 de courir dans la mont\u00e9e du Col d&rsquo;Arp et \u00e7a s&rsquo;est bien pass\u00e9. Le temps \u00e9tait un peu bizarre, il faisait froid en altitude et une chaleur folle au dessous\u00a0\u00bb.<\/em><\/p>\n<\/div>\n<\/div>\n<\/div>\n<\/div>\n<\/div>\n<\/div>\n<\/div>\n<div id=\"\" class=\"brz-css-asJ9T brz-wrapper\">\n<div class=\"brz-image brz-css-qXLDf\" data-brz-custom-id=\"ossbhdnpfrmocvzbjsvlildfdaobwllgknqx\"><img decoding=\"async\" class=\"brz-img\" src=\"https:\/\/gtcourmayeur.com\/fr?brizy_media=wp-aa31e59786b8a4e67041365627b24f25.jpeg&amp;brizy_crop=iW%3D1316%26iH%3D877%26oX%3D73%26oY%3D0%26cW%3D1170%26cH%3D877\" alt=\"\" loading=\"lazy\"><\/div>\n<\/div>\n<div id=\"\" class=\"brz-css-asJ9T brz-wrapper\">\n<div class=\"brz-rich-text brz-rich-text__custom brz-css-rd3ia\" data-brz-custom-id=\"uykvndgqrfiauhskgjboxrzvhxisqtvonwez\">\n<div data-brz-translate-text=\"1\">\n<p data-generated-css=\"brz-css-wadap\" data-uniq-id=\"dsqsy\" class=\"brz-tp-lg-empty brz-text-lg-center brz-ff-roboto brz-ft-google brz-fs-lg-15 brz-fss-lg-px brz-fw-lg-400 brz-ls-lg-0 brz-lh-lg-1_8 brz-css-vFWwj\"><em class=\"brz-cp-color4\">GTC2023 \u2013 Fabiola Conti \u2013 Photo Alessandro Zambianchi | Zzam! Agency<\/em><\/p>\n<\/div>\n<\/div>\n<\/div>\n<\/div>\n<\/div>\n<\/section>\n<section id=\"_dkmkusdkfkxzxcwvohrjymjkgpdbonlqkghq\" class=\"brz-section brz-css-rZf09\">\n<div class=\"brz-section__content brz-section--boxed brz-css-wIWLM brz-css-rEyFN\" data-brz-custom-id=\"whoiicvhipdfcmdszmznxsnnsmigtrkzjptf\">\n<div class=\"brz-container brz-css-mHeQE\">\n<div class=\"brz-row__container brz-css-k4SMe\" data-brz-custom-id=\"nbwdyexktgwsztrgdqijxndcnhunfpfztqkr\">\n<div class=\"brz-bg\"><\/div>\n<div class=\"brz-row brz-css-bKEdb\">\n<div class=\"brz-columns brz-css-mAmGw brz-css-lo2AI\" data-brz-custom-id=\"qeqkbvfpsgmcfpxhqzejbpwdstpicayspxjd\">\n<div class=\"brz-bg\"><\/div>\n<div class=\"brz-column__items brz-css-gPRyj brz-css-l0dcA\">\n<div id=\"\" class=\"brz-css-asJ9T brz-wrapper\">\n<div class=\"brz-rich-text brz-rich-text__custom brz-css-rd3ia\" data-brz-custom-id=\"hdurdgnfpazrvyuxkmxbqrobopawtakasglm\">\n<div data-brz-translate-text=\"1\">\n<h4 class=\"brz-mb-lg-10 brz-tp-lg-heading4 brz-css-r7EnO\" data-uniq-id=\"acdio\" data-generated-css=\"brz-css-mquph\"><span class=\"brz-cp-color1\">Gianluca Galeati et Giuditta Turini triomphent au GTC55<\/span><\/h4>\n<\/div>\n<\/div>\n<\/div>\n<div id=\"\" class=\"brz-css-asJ9T brz-wrapper\">\n<div class=\"brz-rich-text brz-rich-text__custom brz-css-rd3ia\" data-brz-custom-id=\"lchvmrofszooznicqsbogihqygcrtnewhoxo\">\n<div data-brz-translate-text=\"1\">\n<p class=\"brz-tp-lg-paragraph brz-mb-lg-10 brz-mt-lg-10 brz-css-mjuxX\" data-uniq-id=\"nqqpr\" data-generated-css=\"brz-css-oxrmr\"><span class=\"brz-cp-color1\">Lutte serr\u00e9e dans le GTC55, o\u00f9 une fois de plus c&rsquo;est un \u00c9milien et une Vald\u00f4taine qui se sont impos\u00e9s. Gianluca Galeati a bien g\u00e9r\u00e9 ses forces tout au long du parcours en maintenant un rythme effr\u00e9n\u00e9, couronn\u00e9 par un temps stratosph\u00e9rique : jamais le chrono n&rsquo;\u00e9tait descendu au dessous de six heures, mais Galeati a fait encore mieux en terminant en 5h33&rsquo;58\u00a0\u00bb.<\/span><\/p>\n<\/div>\n<\/div>\n<\/div>\n<div id=\"\" class=\"brz-css-asJ9T brz-wrapper\">\n<div class=\"brz-rich-text brz-rich-text__custom brz-css-rd3ia\" data-brz-custom-id=\"bshnzsttekxsvvnuxyxoxwjvtdzquqobuomq\">\n<div data-brz-translate-text=\"1\">\n<p class=\"brz-mt-lg-10 brz-mb-lg-10 brz-tp-lg-paragraph brz-css-npBOr\" data-generated-css=\"brz-css-kvwhi\" data-uniq-id=\"wilap\"><span class=\"brz-cp-color1\">Les temps des poursuivants sont \u00e9galement excellents, avec Alessandro Macellaro deuxi\u00e8me en 5h38&rsquo;52\u00a0\u00bb et le Fran\u00e7ais Ben Bradford troisi\u00e8me en 5h54&rsquo;41\u00a0\u00bb.<\/span><\/p>\n<\/div>\n<\/div>\n<\/div>\n<div id=\"\" class=\"brz-css-asJ9T brz-wrapper\">\n<div class=\"brz-rich-text brz-rich-text__custom brz-css-rd3ia\" data-brz-custom-id=\"skzuqekqhtxjbihfbhtjnufxsbvpeowryxcw\">\n<div data-brz-translate-text=\"1\">\n<p class=\"brz-tp-lg-paragraph brz-mb-lg-10 brz-mt-lg-10 brz-css-c2Fsk\" data-uniq-id=\"qkydc\" data-generated-css=\"brz-css-wfrza\"><em class=\"brz-cp-color1\">\u00ab\u00a0Ces lieux me donnent une \u00e9nergie particuli\u00e8re, je me suis senti tr\u00e8s bien aujourd&rsquo;hui et je suis heureux de cette victoire\u00a0\u00bb, a d\u00e9clar\u00e9 Galeati. Qui a ensuite une pens\u00e9e pour sa r\u00e9gion: \u00ab\u00a0Nous traversons une p\u00e9riode tr\u00e8s difficile et c&rsquo;est quand m\u00eame difficile \u00e0 expliquer\u00a0\u00bb.<\/em><\/p>\n<\/div>\n<\/div>\n<\/div>\n<div id=\"\" class=\"brz-css-asJ9T brz-wrapper\">\n<div class=\"brz-rich-text brz-rich-text__custom brz-css-rd3ia\" data-brz-custom-id=\"wytrrevupupkahlnmatofgsxrktbqapbymbi\">\n<div data-brz-translate-text=\"1\">\n<p class=\"brz-tp-lg-paragraph brz-mb-lg-10 brz-mt-lg-10 brz-css-j4MK3\" data-uniq-id=\"acttn\" data-generated-css=\"brz-css-klkqn\"><span class=\"brz-cp-color1\">Elle \u00e9tait la favorite et elle n&rsquo;a pas d\u00e9\u00e7u les attentes: Giuditta Turini a franchi la ligne d&rsquo;arriv\u00e9e au Jardin de l&rsquo;Ange quelques minutes apr\u00e8s son copin Franco Coll\u00e9. Turini a termin\u00e9 sa course en 6h36&rsquo;21\u00a0\u00bb, remportant le beau d\u00e9fi avec Agnese Valz Gen, deuxi\u00e8me en 6h49&rsquo;40\u00a0\u00bb, \u00e0 son tour 1&rsquo;10\u00a0\u00bb devant l&rsquo;autre Italienne Irene Mantica.<\/span><\/p>\n<\/div>\n<\/div>\n<\/div>\n<div id=\"\" class=\"brz-css-asJ9T brz-wrapper\">\n<div class=\"brz-rich-text brz-rich-text__custom brz-css-rd3ia\" data-brz-custom-id=\"lxlyonzqdwdeqfqerglhqlnslmkqjrzkcyql\">\n<div data-brz-translate-text=\"1\">\n<p class=\"brz-tp-lg-paragraph brz-mb-lg-10 brz-mt-lg-10 brz-css-iWWsh\" data-uniq-id=\"cfxno\" data-generated-css=\"brz-css-czjkc\"><em class=\"brz-cp-color8\">\u00ab\u00a0Une course tr\u00e8s difficile, je n&rsquo;ai pas eu assez d&rsquo;entra\u00eenement\u00a0\u00bb, a d\u00e9clar\u00e9 une Turini fatigu\u00e9e. Heureusement, la temp\u00e9rature \u00e9tait id\u00e9ale pour courir\u00a0\u00bb.<\/em><\/p>\n<\/div>\n<\/div>\n<\/div>\n<div id=\"\" class=\"brz-css-asJ9T brz-wrapper\">\n<div class=\"brz-image brz-css-vcZ8F\" data-brz-custom-id=\"pznbawtvdopkbizltrgajcjckprmjbxmsyka\"><img decoding=\"async\" class=\"brz-img\" src=\"https:\/\/gtcourmayeur.com\/fr?brizy_media=wp-fe1a82bc4f7b29a3786461945c3e657d.jpeg&amp;brizy_crop=iW%3D1164%26iH%3D776%26oX%3D64%26oY%3D0%26cW%3D1035%26cH%3D776\" alt=\"\" loading=\"lazy\"><\/div>\n<\/div>\n<div id=\"\" class=\"brz-css-asJ9T brz-wrapper\">\n<div class=\"brz-rich-text brz-rich-text__custom brz-css-rd3ia\" data-brz-custom-id=\"pjsyqcbrwfeqjoohdzutatchfzteaqtysmxf\">\n<div data-brz-translate-text=\"1\">\n<p data-generated-css=\"brz-css-lrxmk\" data-uniq-id=\"udxik\" class=\"brz-tp-lg-empty brz-text-lg-center brz-fss-lg-px brz-fw-lg-400 brz-ls-lg-0 brz-lh-lg-1_8 brz-ff-roboto brz-ft-google brz-fs-lg-15 brz-css-m0I90\"><em class=\"brz-cp-color1\">GTC2023 \u2013 Giuditta Turini \u2013 Photo Leonardo Betolin | Zzam! Agency<\/em><\/p>\n<\/div>\n<\/div>\n<\/div>\n<\/div>\n<\/div>\n<\/div>\n<\/div>\n<\/div>\n<\/div>\n<\/section>\n<section id=\"_nseltctqvgifykjihciugracyqtqffafrqpe\" class=\"brz-section brz-css-rZf09\">\n<div class=\"brz-section__content brz-section--boxed brz-css-wIWLM brz-css-k8p85\" data-brz-custom-id=\"melyknnwirjsnfiadnjwfpdiykjgpalxexfo\">\n<div class=\"brz-container brz-css-mHeQE\">\n<div class=\"brz-row__container brz-css-k4SMe\" data-brz-custom-id=\"ybhozcngyyqesxkzjsfsqootifijffwiixhm\">\n<div class=\"brz-bg\"><\/div>\n<div class=\"brz-row brz-css-bKEdb\">\n<div class=\"brz-columns brz-css-mAmGw brz-css-xcRdB\" data-brz-custom-id=\"hghbwaawxnggrcdhyqhqmssnobhvsxttsbod\">\n<div class=\"brz-bg\"><\/div>\n<div class=\"brz-column__items brz-css-gPRyj brz-css-qgAOK\">\n<div id=\"\" class=\"brz-css-asJ9T brz-wrapper\">\n<div class=\"brz-rich-text brz-rich-text__custom brz-css-rd3ia\" data-brz-custom-id=\"uvxzzfrmlszdlzgsivcmfyzsxcckcktdpwfi\">\n<div data-brz-translate-text=\"1\">\n<h4 class=\"brz-mt-lg-0 brz-mb-lg-10 brz-tp-lg-heading4 brz-css-cGqxi\" data-uniq-id=\"oojio\" data-generated-css=\"brz-css-qaaxm\"><span class=\"brz-cp-color1\">Le GTC30 revient \u00e0 Mattia Reggidori et Fabiola Conti<\/span><\/h4>\n<\/div>\n<\/div>\n<\/div>\n<div id=\"\" class=\"brz-css-asJ9T brz-wrapper\">\n<div class=\"brz-rich-text brz-rich-text__custom brz-css-rd3ia\" data-brz-custom-id=\"wlaodfkfwcmihiwrvfoliprwkhwkcnzgaoqg\">\n<div data-brz-translate-text=\"1\">\n<p class=\"brz-tp-lg-paragraph brz-mb-lg-10 brz-mt-lg-10 brz-css-mckT_\" data-uniq-id=\"qcgvz\" data-generated-css=\"brz-css-rpfhw\"><span class=\"brz-cp-color1\" style=\"background-color: initial\">Les premiers \u00e0 lever les bras au ciel ont \u00e9t\u00e9 les athl\u00e8tes du GTC30, dont le d\u00e9part a \u00e9t\u00e9 donn\u00e9 \u00e0 9 heures. Mattia Reggidori (2h57&rsquo;35\u00a0\u00bb) s&rsquo;est impos\u00e9 en moins de trois heures, devant l&rsquo;Am\u00e9ricain Zach Violett (2h59&rsquo;26\u00a0\u00bb) et le Fran\u00e7ais Pierre Arz (3h02&rsquo;38\u00a0\u00bb). <\/span><\/p>\n<\/div>\n<\/div>\n<\/div>\n<div id=\"\" class=\"brz-css-asJ9T brz-wrapper\">\n<div class=\"brz-rich-text brz-rich-text__custom brz-css-rd3ia\" data-brz-custom-id=\"bhsuubjlpiqlxveaqnoeuqpkezvlghgmjqyt\">\n<div data-brz-translate-text=\"1\">\n<p class=\"brz-tp-lg-paragraph brz-mt-lg-0 brz-mb-lg-10 brz-css-uyX5U\" data-uniq-id=\"fdina\" data-generated-css=\"brz-css-oegnq\"><em class=\"brz-cp-color1\" style=\"background-color: initial\">\u00ab\u00a0Le fait d&rsquo;avoir particip\u00e9 \u00e0 la course l&rsquo;ann\u00e9e derni\u00e8re m&rsquo;a certainement aid\u00e9 car je savais o\u00f9 se trouvaient les mont\u00e9es et les descentes\u00a0\u00bb, a comment\u00e9 Reggidori. J&rsquo;ai essay\u00e9 de ne pas perdre trop de terrain dans la mont\u00e9e vers Violett et j&rsquo;ai r\u00e9ussi \u00e0 gagner dans la descente. L&rsquo;ann\u00e9e prochaine, j&rsquo;aimerais faire la GTC55&Prime;.<\/em><\/p>\n<\/div>\n<\/div>\n<\/div>\n<div id=\"\" class=\"brz-css-asJ9T brz-wrapper\">\n<div class=\"brz-rich-text brz-rich-text__custom brz-css-rd3ia\" data-brz-custom-id=\"prvnzzlnumgogjnargspregrhhtfhesvbcjk\">\n<div data-brz-translate-text=\"1\">\n<p class=\"brz-mt-lg-10 brz-tp-lg-paragraph brz-css-c1qSk\" data-uniq-id=\"xpojb\" data-generated-css=\"brz-css-qvqsf\"><span class=\"brz-cp-color1\">Chez les femmes, les pronostics se sont v\u00e9rifi\u00e9s puisque Fabiola Conti &#8211; inscrite in extremis &#8211; s&rsquo;est class\u00e9e 6\u00e8me au g\u00e9n\u00e9ral avec un temps record de 3h22&rsquo;10\u00a0\u00bb devant l&rsquo;Am\u00e9ricaine Kaitlin Allen (3h29&rsquo;06\u00a0\u00bb) et Agnese Sobrero (3h50&rsquo;31\u00a0\u00bb). <\/span><\/p>\n<\/div>\n<\/div>\n<\/div>\n<div id=\"\" class=\"brz-css-asJ9T brz-wrapper\">\n<div class=\"brz-rich-text brz-rich-text__custom brz-css-rd3ia\" data-brz-custom-id=\"jwoynwqzljxcchuzptslgwlqneildwsumswu\">\n<div data-brz-translate-text=\"1\">\n<p class=\"brz-mt-lg-10 brz-tp-lg-paragraph brz-css-zpO2e\" data-uniq-id=\"ilozq\" data-generated-css=\"brz-css-hrogo\"><em class=\"brz-cp-color1\">\u00ab\u00a0Je voulais faire cette course parce que l&rsquo;ann\u00e9e derni\u00e8re je n&rsquo;avais pas r\u00e9ussi\u00a0\u00bb, a d\u00e9clar\u00e9 chaleureusement Conti. \u00ab\u00a0Je sors d&rsquo;une p\u00e9riode difficile et je suis content d&rsquo;avoir r\u00e9ussi. Dans la premi\u00e8re mont\u00e9e, j&rsquo;ai \u00e9t\u00e9 rattrap\u00e9e ma j&rsquo;ai r\u00e9ussi \u00e0 garder la t\u00eate, et dans le balcon du Val Ferret, j&rsquo;ai mis le turbo. Cette ann\u00e9e, les descentes sont devenues plus faciles pour moi et j&rsquo;ai pu aller tr\u00e8s fort\u00a0\u00bb.<\/em><\/p>\n<\/div>\n<\/div>\n<\/div>\n<div id=\"\" class=\"brz-css-asJ9T brz-wrapper\">\n<div class=\"brz-rich-text brz-rich-text__custom brz-css-rd3ia\" data-brz-custom-id=\"kjhveccfafgiqomhckgpsifhoasgnlbwuzbj\">\n<div data-brz-translate-text=\"1\">\n<p class=\"brz-mt-lg-10 brz-tp-lg-paragraph brz-css-mpUbG\" data-uniq-id=\"knmcl\" data-generated-css=\"brz-css-vksih\"><span class=\"brz-cp-color1\">Un prix sp\u00e9cial du fair-play a \u00e9t\u00e9 remis par La Sportiva \u00e0 l&rsquo;athl\u00e8te hongkongaise Au- Yeung Cham.<\/span><\/p>\n<\/div>\n<\/div>\n<\/div>\n<\/div>\n<\/div>\n<\/div>\n<\/div>\n<div class=\"brz-wrapper-clone brz-css-onTwo\">\n<div class=\"brz-d-xs-flex brz-flex-xs-wrap brz-css-otUCT\" data-brz-custom-id=\"\">\n<div class=\"brz-wrapper-clone__item\" id=\"ogeeytlpojcfmsnleexwdgotkxseylerswhg\"><a class=\"brz-a brz-btn brz-css-mnAfL brz-css-nue14\" href=\"https:\/\/www.100x100trail.com\/rankings\/2023GTC100KM\" target=\"_blank\" rel=\"noopener\" data-brz-link-type=\"external\" data-brz-custom-id=\"ogeeytlpojcfmsnleexwdgotkxseylerswhg\"><span data-brz-translate-text=\"1\" class=\"brz-span brz-text__editor\">#GTC100 CLASSEMENT<\/span><\/a><\/div>\n<div class=\"brz-wrapper-clone__item\" id=\"rduegwwnlerkhulpmiimtczzfitgzwblodbq\"><a class=\"brz-a brz-btn brz-css-mnAfL brz-css-nue14\" href=\"https:\/\/www.100x100trail.com\/rankings\/2023GTC55KM\" target=\"_blank\" rel=\"noopener\" data-brz-link-type=\"external\" data-brz-custom-id=\"rduegwwnlerkhulpmiimtczzfitgzwblodbq\"><span data-brz-translate-text=\"1\" class=\"brz-span brz-text__editor\">#GTC55 CLASSEMENT<\/span><\/a><\/div>\n<div class=\"brz-wrapper-clone__item\" id=\"uiqahshvvokdfraqdxhlbpydgabfxexlfhzv\"><a class=\"brz-a brz-btn brz-css-mnAfL brz-css-nue14\" href=\"https:\/\/www.100x100trail.com\/rankings\/2023GTC30KM\" target=\"_blank\" rel=\"noopener\" data-brz-link-type=\"external\" data-brz-custom-id=\"uiqahshvvokdfraqdxhlbpydgabfxexlfhzv\"><span data-brz-translate-text=\"1\" class=\"brz-span brz-text__editor\">#GTC30 CLASSEMENT<\/span><\/a><\/div>\n<\/div>\n<\/div>\n<\/div>\n<\/div>\n<\/section>\n<\/div>\n<p>    <!-- version:1726899847 --><\/p>\n","protected":false},"excerpt":{"rendered":"<p>#NEWS L&rsquo;Emilia-Romagna triomphe au Gran Trail Courmayeur Le GTC 2023 a c\u00e9l\u00e9br\u00e9 une \u00e9dition record avec un \u00ab\u00a0hors-d&rsquo;oeuvre\u00a0\u00bb de ce qui se passera en septembre avec le TORX\u00ae. 4 min 1500 athl\u00e8tes de 40 nations, de l&rsquo;enthousiasme et de l&rsquo;\u00e9motion pour une onzi\u00e8me \u00e9dition qui offre enfin \u00e0 l&rsquo;Emilia-Romagna un jour de gloire avec un&hellip;&nbsp;<\/p>\n","protected":false},"author":3,"featured_media":10817,"comment_status":"closed","ping_status":"closed","sticky":false,"template":"brizy-blank-template.php","format":"standard","meta":{"neve_meta_sidebar":"","neve_meta_container":"","neve_meta_enable_content_width":"off","neve_meta_content_width":100,"neve_meta_title_alignment":"","neve_meta_author_avatar":"","neve_post_elements_order":"","neve_meta_disable_header":"","neve_meta_disable_footer":"","neve_meta_disable_title":"","footnotes":""},"categories":[12],"tags":[57,58,59],"class_list":["post-11262","post","type-post","status-publish","format-standard","has-post-thumbnail","hentry","category-news","tag-gran-trail-courmayeur-fr","tag-trail-running-fr","tag-ultra-trail-fr"],"yoast_head":"<!-- This site is optimized with the Yoast SEO plugin v27.5 - https:\/\/yoast.com\/product\/yoast-seo-wordpress\/ -->\n<title>L&rsquo;Emilia-Romagna triomphe au Gran Trail Courmayeur - Gran Trail Courmayeur<\/title>\n<meta name=\"description\" content=\"Le GTC 2023 a c\u00e9l\u00e9br\u00e9 une \u00e9dition record avec un &quot;hors-d&#039;oeuvre&quot; de ce qui se passera en septembre avec le TORX\u00ae\" \/>\n<meta name=\"robots\" content=\"index, follow, max-snippet:-1, max-image-preview:large, max-video-preview:-1\" \/>\n<link rel=\"canonical\" href=\"https:\/\/www.gtcourmayeur.com\/fr\/emilia-romagna-triomphe-au-gran-trail-courmayeur\/\" \/>\n<meta property=\"og:locale\" content=\"fr_FR\" \/>\n<meta property=\"og:type\" content=\"article\" \/>\n<meta property=\"og:title\" content=\"L&#039;Emilia-Romagna triomphe au Gran Trail Courmayeur\" \/>\n<meta property=\"og:description\" content=\"Le GTC 2023 a c\u00e9l\u00e9br\u00e9 une \u00e9dition record avec un &quot;hors-d&#039;oeuvre&quot; de ce qui se passera en septembre avec le TORX\u00ae\" \/>\n<meta property=\"og:url\" content=\"https:\/\/www.gtcourmayeur.com\/fr\/emilia-romagna-triomphe-au-gran-trail-courmayeur\/\" \/>\n<meta property=\"og:site_name\" content=\"Gran Trail Courmayeur\" \/>\n<meta property=\"article:published_time\" content=\"2023-07-14T06:37:02+00:00\" \/>\n<meta property=\"article:modified_time\" content=\"2026-05-01T18:26:49+00:00\" \/>\n<meta property=\"og:image\" content=\"https:\/\/www.gtcourmayeur.com\/wp-content\/uploads\/2023\/07\/GTC-2023-winners.jpeg\" \/>\n\t<meta property=\"og:image:width\" content=\"1000\" \/>\n\t<meta property=\"og:image:height\" content=\"667\" \/>\n\t<meta property=\"og:image:type\" content=\"image\/jpeg\" \/>\n<meta name=\"author\" content=\"staff\" \/>\n<meta name=\"twitter:card\" content=\"summary_large_image\" \/>\n<meta name=\"twitter:title\" content=\"L&#039;Emilia-Romagna triomphe au Gran Trail Courmayeur\" \/>\n<meta name=\"twitter:description\" content=\"Le GTC 2023 a c\u00e9l\u00e9br\u00e9 une \u00e9dition record avec un &quot;hors-d&#039;oeuvre&quot; de ce qui se passera en septembre avec le TORX\u00ae\" \/>\n<meta name=\"twitter:image\" content=\"https:\/\/www.gtcourmayeur.com\/wp-content\/uploads\/2023\/07\/GTC-2023-winners.jpeg\" \/>\n<meta name=\"twitter:label1\" content=\"\u00c9crit par\" \/>\n\t<meta name=\"twitter:data1\" content=\"staff\" \/>\n\t<meta name=\"twitter:label2\" content=\"Dur\u00e9e de lecture estim\u00e9e\" \/>\n\t<meta name=\"twitter:data2\" content=\"7 minutes\" \/>\n<script type=\"application\/ld+json\" class=\"yoast-schema-graph\">{\"@context\":\"https:\\\/\\\/schema.org\",\"@graph\":[{\"@type\":\"Article\",\"@id\":\"https:\\\/\\\/www.gtcourmayeur.com\\\/fr\\\/emilia-romagna-triomphe-au-gran-trail-courmayeur\\\/#article\",\"isPartOf\":{\"@id\":\"https:\\\/\\\/www.gtcourmayeur.com\\\/fr\\\/emilia-romagna-triomphe-au-gran-trail-courmayeur\\\/\"},\"author\":{\"name\":\"staff\",\"@id\":\"https:\\\/\\\/www.gtcourmayeur.com\\\/fr\\\/#\\\/schema\\\/person\\\/b3f7a032c148b78fa762316b8e1ca01d\"},\"headline\":\"L&rsquo;Emilia-Romagna triomphe au Gran Trail Courmayeur\",\"datePublished\":\"2023-07-14T06:37:02+00:00\",\"dateModified\":\"2026-05-01T18:26:49+00:00\",\"mainEntityOfPage\":{\"@id\":\"https:\\\/\\\/www.gtcourmayeur.com\\\/fr\\\/emilia-romagna-triomphe-au-gran-trail-courmayeur\\\/\"},\"wordCount\":1124,\"publisher\":{\"@id\":\"https:\\\/\\\/www.gtcourmayeur.com\\\/fr\\\/#organization\"},\"image\":{\"@id\":\"https:\\\/\\\/www.gtcourmayeur.com\\\/fr\\\/emilia-romagna-triomphe-au-gran-trail-courmayeur\\\/#primaryimage\"},\"thumbnailUrl\":\"https:\\\/\\\/www.gtcourmayeur.com\\\/wp-content\\\/uploads\\\/2023\\\/07\\\/GTC-2023-winners.jpeg\",\"keywords\":[\"gran trail courmayeur\",\"trail running\",\"ultra trail\"],\"articleSection\":[\"News\"],\"inLanguage\":\"fr-FR\"},{\"@type\":\"WebPage\",\"@id\":\"https:\\\/\\\/www.gtcourmayeur.com\\\/fr\\\/emilia-romagna-triomphe-au-gran-trail-courmayeur\\\/\",\"url\":\"https:\\\/\\\/www.gtcourmayeur.com\\\/fr\\\/emilia-romagna-triomphe-au-gran-trail-courmayeur\\\/\",\"name\":\"L&rsquo;Emilia-Romagna triomphe au Gran Trail Courmayeur - Gran Trail Courmayeur\",\"isPartOf\":{\"@id\":\"https:\\\/\\\/www.gtcourmayeur.com\\\/fr\\\/#website\"},\"primaryImageOfPage\":{\"@id\":\"https:\\\/\\\/www.gtcourmayeur.com\\\/fr\\\/emilia-romagna-triomphe-au-gran-trail-courmayeur\\\/#primaryimage\"},\"image\":{\"@id\":\"https:\\\/\\\/www.gtcourmayeur.com\\\/fr\\\/emilia-romagna-triomphe-au-gran-trail-courmayeur\\\/#primaryimage\"},\"thumbnailUrl\":\"https:\\\/\\\/www.gtcourmayeur.com\\\/wp-content\\\/uploads\\\/2023\\\/07\\\/GTC-2023-winners.jpeg\",\"datePublished\":\"2023-07-14T06:37:02+00:00\",\"dateModified\":\"2026-05-01T18:26:49+00:00\",\"description\":\"Le GTC 2023 a c\u00e9l\u00e9br\u00e9 une \u00e9dition record avec un \\\"hors-d'oeuvre\\\" de ce qui se passera en septembre avec le TORX\u00ae\",\"breadcrumb\":{\"@id\":\"https:\\\/\\\/www.gtcourmayeur.com\\\/fr\\\/emilia-romagna-triomphe-au-gran-trail-courmayeur\\\/#breadcrumb\"},\"inLanguage\":\"fr-FR\",\"potentialAction\":[{\"@type\":\"ReadAction\",\"target\":[\"https:\\\/\\\/www.gtcourmayeur.com\\\/fr\\\/emilia-romagna-triomphe-au-gran-trail-courmayeur\\\/\"]}]},{\"@type\":\"ImageObject\",\"inLanguage\":\"fr-FR\",\"@id\":\"https:\\\/\\\/www.gtcourmayeur.com\\\/fr\\\/emilia-romagna-triomphe-au-gran-trail-courmayeur\\\/#primaryimage\",\"url\":\"https:\\\/\\\/www.gtcourmayeur.com\\\/wp-content\\\/uploads\\\/2023\\\/07\\\/GTC-2023-winners.jpeg\",\"contentUrl\":\"https:\\\/\\\/www.gtcourmayeur.com\\\/wp-content\\\/uploads\\\/2023\\\/07\\\/GTC-2023-winners.jpeg\",\"width\":1000,\"height\":667},{\"@type\":\"BreadcrumbList\",\"@id\":\"https:\\\/\\\/www.gtcourmayeur.com\\\/fr\\\/emilia-romagna-triomphe-au-gran-trail-courmayeur\\\/#breadcrumb\",\"itemListElement\":[{\"@type\":\"ListItem\",\"position\":1,\"name\":\"Home\",\"item\":\"https:\\\/\\\/www.gtcourmayeur.com\\\/fr\\\/\"},{\"@type\":\"ListItem\",\"position\":2,\"name\":\"L&rsquo;Emilia-Romagna triomphe au Gran Trail Courmayeur\"}]},{\"@type\":\"WebSite\",\"@id\":\"https:\\\/\\\/www.gtcourmayeur.com\\\/fr\\\/#website\",\"url\":\"https:\\\/\\\/www.gtcourmayeur.com\\\/fr\\\/\",\"name\":\"Gran Trail Courmayeur\",\"description\":\"Mont-Blanc Trail Fest\",\"publisher\":{\"@id\":\"https:\\\/\\\/www.gtcourmayeur.com\\\/fr\\\/#organization\"},\"potentialAction\":[{\"@type\":\"SearchAction\",\"target\":{\"@type\":\"EntryPoint\",\"urlTemplate\":\"https:\\\/\\\/www.gtcourmayeur.com\\\/fr\\\/?s={search_term_string}\"},\"query-input\":{\"@type\":\"PropertyValueSpecification\",\"valueRequired\":true,\"valueName\":\"search_term_string\"}}],\"inLanguage\":\"fr-FR\"},{\"@type\":\"Organization\",\"@id\":\"https:\\\/\\\/www.gtcourmayeur.com\\\/fr\\\/#organization\",\"name\":\"Gran Trail Courmayeur\",\"url\":\"https:\\\/\\\/www.gtcourmayeur.com\\\/fr\\\/\",\"logo\":{\"@type\":\"ImageObject\",\"inLanguage\":\"fr-FR\",\"@id\":\"https:\\\/\\\/www.gtcourmayeur.com\\\/fr\\\/#\\\/schema\\\/logo\\\/image\\\/\",\"url\":\"https:\\\/\\\/www.gtcourmayeur.com\\\/wp-content\\\/uploads\\\/2021\\\/11\\\/GTC_logo_H_col_PANTONE_HD-e1637601257107.png\",\"contentUrl\":\"https:\\\/\\\/www.gtcourmayeur.com\\\/wp-content\\\/uploads\\\/2021\\\/11\\\/GTC_logo_H_col_PANTONE_HD-e1637601257107.png\",\"width\":3052,\"height\":648,\"caption\":\"Gran Trail Courmayeur\"},\"image\":{\"@id\":\"https:\\\/\\\/www.gtcourmayeur.com\\\/fr\\\/#\\\/schema\\\/logo\\\/image\\\/\"}},{\"@type\":\"Person\",\"@id\":\"https:\\\/\\\/www.gtcourmayeur.com\\\/fr\\\/#\\\/schema\\\/person\\\/b3f7a032c148b78fa762316b8e1ca01d\",\"name\":\"staff\",\"image\":{\"@type\":\"ImageObject\",\"inLanguage\":\"fr-FR\",\"@id\":\"https:\\\/\\\/secure.gravatar.com\\\/avatar\\\/20e1004cdfa9df336cfe924694f5153ab48bf89de5fe9032487611f5585ca350?s=96&d=mm&r=g\",\"url\":\"https:\\\/\\\/secure.gravatar.com\\\/avatar\\\/20e1004cdfa9df336cfe924694f5153ab48bf89de5fe9032487611f5585ca350?s=96&d=mm&r=g\",\"contentUrl\":\"https:\\\/\\\/secure.gravatar.com\\\/avatar\\\/20e1004cdfa9df336cfe924694f5153ab48bf89de5fe9032487611f5585ca350?s=96&d=mm&r=g\",\"caption\":\"staff\"},\"url\":\"https:\\\/\\\/www.gtcourmayeur.com\\\/fr\\\/author\\\/staff\\\/\"}]}<\/script>\n<!-- \/ Yoast SEO plugin. -->","yoast_head_json":{"title":"L&rsquo;Emilia-Romagna triomphe au Gran Trail Courmayeur - Gran Trail Courmayeur","description":"Le GTC 2023 a c\u00e9l\u00e9br\u00e9 une \u00e9dition record avec un \"hors-d'oeuvre\" de ce qui se passera en septembre avec le TORX\u00ae","robots":{"index":"index","follow":"follow","max-snippet":"max-snippet:-1","max-image-preview":"max-image-preview:large","max-video-preview":"max-video-preview:-1"},"canonical":"https:\/\/www.gtcourmayeur.com\/fr\/emilia-romagna-triomphe-au-gran-trail-courmayeur\/","og_locale":"fr_FR","og_type":"article","og_title":"L'Emilia-Romagna triomphe au Gran Trail Courmayeur","og_description":"Le GTC 2023 a c\u00e9l\u00e9br\u00e9 une \u00e9dition record avec un \"hors-d'oeuvre\" de ce qui se passera en septembre avec le TORX\u00ae","og_url":"https:\/\/www.gtcourmayeur.com\/fr\/emilia-romagna-triomphe-au-gran-trail-courmayeur\/","og_site_name":"Gran Trail Courmayeur","article_published_time":"2023-07-14T06:37:02+00:00","article_modified_time":"2026-05-01T18:26:49+00:00","og_image":[{"width":1000,"height":667,"url":"https:\/\/www.gtcourmayeur.com\/wp-content\/uploads\/2023\/07\/GTC-2023-winners.jpeg","type":"image\/jpeg"}],"author":"staff","twitter_card":"summary_large_image","twitter_title":"L'Emilia-Romagna triomphe au Gran Trail Courmayeur","twitter_description":"Le GTC 2023 a c\u00e9l\u00e9br\u00e9 une \u00e9dition record avec un \"hors-d'oeuvre\" de ce qui se passera en septembre avec le TORX\u00ae","twitter_image":"https:\/\/www.gtcourmayeur.com\/wp-content\/uploads\/2023\/07\/GTC-2023-winners.jpeg","twitter_misc":{"\u00c9crit par":"staff","Dur\u00e9e de lecture estim\u00e9e":"7 minutes"},"schema":{"@context":"https:\/\/schema.org","@graph":[{"@type":"Article","@id":"https:\/\/www.gtcourmayeur.com\/fr\/emilia-romagna-triomphe-au-gran-trail-courmayeur\/#article","isPartOf":{"@id":"https:\/\/www.gtcourmayeur.com\/fr\/emilia-romagna-triomphe-au-gran-trail-courmayeur\/"},"author":{"name":"staff","@id":"https:\/\/www.gtcourmayeur.com\/fr\/#\/schema\/person\/b3f7a032c148b78fa762316b8e1ca01d"},"headline":"L&rsquo;Emilia-Romagna triomphe au Gran Trail Courmayeur","datePublished":"2023-07-14T06:37:02+00:00","dateModified":"2026-05-01T18:26:49+00:00","mainEntityOfPage":{"@id":"https:\/\/www.gtcourmayeur.com\/fr\/emilia-romagna-triomphe-au-gran-trail-courmayeur\/"},"wordCount":1124,"publisher":{"@id":"https:\/\/www.gtcourmayeur.com\/fr\/#organization"},"image":{"@id":"https:\/\/www.gtcourmayeur.com\/fr\/emilia-romagna-triomphe-au-gran-trail-courmayeur\/#primaryimage"},"thumbnailUrl":"https:\/\/www.gtcourmayeur.com\/wp-content\/uploads\/2023\/07\/GTC-2023-winners.jpeg","keywords":["gran trail courmayeur","trail running","ultra trail"],"articleSection":["News"],"inLanguage":"fr-FR"},{"@type":"WebPage","@id":"https:\/\/www.gtcourmayeur.com\/fr\/emilia-romagna-triomphe-au-gran-trail-courmayeur\/","url":"https:\/\/www.gtcourmayeur.com\/fr\/emilia-romagna-triomphe-au-gran-trail-courmayeur\/","name":"L&rsquo;Emilia-Romagna triomphe au Gran Trail Courmayeur - Gran Trail Courmayeur","isPartOf":{"@id":"https:\/\/www.gtcourmayeur.com\/fr\/#website"},"primaryImageOfPage":{"@id":"https:\/\/www.gtcourmayeur.com\/fr\/emilia-romagna-triomphe-au-gran-trail-courmayeur\/#primaryimage"},"image":{"@id":"https:\/\/www.gtcourmayeur.com\/fr\/emilia-romagna-triomphe-au-gran-trail-courmayeur\/#primaryimage"},"thumbnailUrl":"https:\/\/www.gtcourmayeur.com\/wp-content\/uploads\/2023\/07\/GTC-2023-winners.jpeg","datePublished":"2023-07-14T06:37:02+00:00","dateModified":"2026-05-01T18:26:49+00:00","description":"Le GTC 2023 a c\u00e9l\u00e9br\u00e9 une \u00e9dition record avec un \"hors-d'oeuvre\" de ce qui se passera en septembre avec le TORX\u00ae","breadcrumb":{"@id":"https:\/\/www.gtcourmayeur.com\/fr\/emilia-romagna-triomphe-au-gran-trail-courmayeur\/#breadcrumb"},"inLanguage":"fr-FR","potentialAction":[{"@type":"ReadAction","target":["https:\/\/www.gtcourmayeur.com\/fr\/emilia-romagna-triomphe-au-gran-trail-courmayeur\/"]}]},{"@type":"ImageObject","inLanguage":"fr-FR","@id":"https:\/\/www.gtcourmayeur.com\/fr\/emilia-romagna-triomphe-au-gran-trail-courmayeur\/#primaryimage","url":"https:\/\/www.gtcourmayeur.com\/wp-content\/uploads\/2023\/07\/GTC-2023-winners.jpeg","contentUrl":"https:\/\/www.gtcourmayeur.com\/wp-content\/uploads\/2023\/07\/GTC-2023-winners.jpeg","width":1000,"height":667},{"@type":"BreadcrumbList","@id":"https:\/\/www.gtcourmayeur.com\/fr\/emilia-romagna-triomphe-au-gran-trail-courmayeur\/#breadcrumb","itemListElement":[{"@type":"ListItem","position":1,"name":"Home","item":"https:\/\/www.gtcourmayeur.com\/fr\/"},{"@type":"ListItem","position":2,"name":"L&rsquo;Emilia-Romagna triomphe au Gran Trail Courmayeur"}]},{"@type":"WebSite","@id":"https:\/\/www.gtcourmayeur.com\/fr\/#website","url":"https:\/\/www.gtcourmayeur.com\/fr\/","name":"Gran Trail Courmayeur","description":"Mont-Blanc Trail Fest","publisher":{"@id":"https:\/\/www.gtcourmayeur.com\/fr\/#organization"},"potentialAction":[{"@type":"SearchAction","target":{"@type":"EntryPoint","urlTemplate":"https:\/\/www.gtcourmayeur.com\/fr\/?s={search_term_string}"},"query-input":{"@type":"PropertyValueSpecification","valueRequired":true,"valueName":"search_term_string"}}],"inLanguage":"fr-FR"},{"@type":"Organization","@id":"https:\/\/www.gtcourmayeur.com\/fr\/#organization","name":"Gran Trail Courmayeur","url":"https:\/\/www.gtcourmayeur.com\/fr\/","logo":{"@type":"ImageObject","inLanguage":"fr-FR","@id":"https:\/\/www.gtcourmayeur.com\/fr\/#\/schema\/logo\/image\/","url":"https:\/\/www.gtcourmayeur.com\/wp-content\/uploads\/2021\/11\/GTC_logo_H_col_PANTONE_HD-e1637601257107.png","contentUrl":"https:\/\/www.gtcourmayeur.com\/wp-content\/uploads\/2021\/11\/GTC_logo_H_col_PANTONE_HD-e1637601257107.png","width":3052,"height":648,"caption":"Gran Trail Courmayeur"},"image":{"@id":"https:\/\/www.gtcourmayeur.com\/fr\/#\/schema\/logo\/image\/"}},{"@type":"Person","@id":"https:\/\/www.gtcourmayeur.com\/fr\/#\/schema\/person\/b3f7a032c148b78fa762316b8e1ca01d","name":"staff","image":{"@type":"ImageObject","inLanguage":"fr-FR","@id":"https:\/\/secure.gravatar.com\/avatar\/20e1004cdfa9df336cfe924694f5153ab48bf89de5fe9032487611f5585ca350?s=96&d=mm&r=g","url":"https:\/\/secure.gravatar.com\/avatar\/20e1004cdfa9df336cfe924694f5153ab48bf89de5fe9032487611f5585ca350?s=96&d=mm&r=g","contentUrl":"https:\/\/secure.gravatar.com\/avatar\/20e1004cdfa9df336cfe924694f5153ab48bf89de5fe9032487611f5585ca350?s=96&d=mm&r=g","caption":"staff"},"url":"https:\/\/www.gtcourmayeur.com\/fr\/author\/staff\/"}]}},"brizy_media":[],"_links":{"self":[{"href":"https:\/\/www.gtcourmayeur.com\/fr\/wp-json\/wp\/v2\/posts\/11262","targetHints":{"allow":["GET"]}}],"collection":[{"href":"https:\/\/www.gtcourmayeur.com\/fr\/wp-json\/wp\/v2\/posts"}],"about":[{"href":"https:\/\/www.gtcourmayeur.com\/fr\/wp-json\/wp\/v2\/types\/post"}],"author":[{"embeddable":true,"href":"https:\/\/www.gtcourmayeur.com\/fr\/wp-json\/wp\/v2\/users\/3"}],"replies":[{"embeddable":true,"href":"https:\/\/www.gtcourmayeur.com\/fr\/wp-json\/wp\/v2\/comments?post=11262"}],"version-history":[{"count":0,"href":"https:\/\/www.gtcourmayeur.com\/fr\/wp-json\/wp\/v2\/posts\/11262\/revisions"}],"wp:featuredmedia":[{"embeddable":true,"href":"https:\/\/www.gtcourmayeur.com\/fr\/wp-json\/wp\/v2\/media\/10817"}],"wp:attachment":[{"href":"https:\/\/www.gtcourmayeur.com\/fr\/wp-json\/wp\/v2\/media?parent=11262"}],"wp:term":[{"taxonomy":"category","embeddable":true,"href":"https:\/\/www.gtcourmayeur.com\/fr\/wp-json\/wp\/v2\/categories?post=11262"},{"taxonomy":"post_tag","embeddable":true,"href":"https:\/\/www.gtcourmayeur.com\/fr\/wp-json\/wp\/v2\/tags?post=11262"}],"curies":[{"name":"wp","href":"https:\/\/api.w.org\/{rel}","templated":true}]}}